{"id":3346,"date":"2026-04-24T08:22:37","date_gmt":"2026-04-24T08:22:37","guid":{"rendered":"https:\/\/fhf.edu.al\/?p=3346"},"modified":"2026-04-24T12:03:46","modified_gmt":"2026-04-24T12:03:46","slug":"3-prill-dita-boterore-e-librit-dhe-e-te-drejtes-se-autorit","status":"publish","type":"post","link":"https:\/\/fhf.edu.al\/en\/3-prill-dita-boterore-e-librit-dhe-e-te-drejtes-se-autorit\/","title":{"rendered":"23 Prill &#8211; Dita Bot\u00ebrore e Librit dhe e t\u00eb Drejt\u00ebs s\u00eb Autorit"},"content":{"rendered":"<hr \/>\n<p style=\"text-align: justify;\">P\u00ebrmbyllet me sukses edicioni i 18-t\u00eb i kremtimeve t\u00eb Dit\u00ebs Bot\u00ebrore t\u00eb Librit dhe t\u00eb Drejt\u00ebs s\u00eb Autorit n\u00eb Fakultetin e Historis\u00eb dhe t\u00eb Filologjis\u00eb, nj\u00eb tradit\u00eb e gjat\u00eb ku pedagog\u00eb, student\u00eb, autor\u00eb e aktor\u00eb t\u00eb librit b\u00ebhen bashk\u00eb p\u00ebr t\u00eb dialoguar mbi let\u00ebrsin\u00eb, librin, p\u00ebrkthimin, botimet eseistike, studimore e kulturore. Nga t\u00eb ftuarit e ve\u00e7ant\u00eb t\u00eb k\u00ebtij edicioni, n\u00eb fush\u00ebn letrare spikat\u00ebn: shkrimtari i mir\u00ebnjohur turk Tarik Tufan, botuesi dhe ish-drejtor i Bibliotek\u00ebs Komb\u00ebtare Piro Misha, akademiku Sabri Hamiti, shkrimtarja Lindita Arapi, poeti francez Renaud Dorliac dhe shkrimtarja, pedagogia e aktivistja e kujtes\u00ebs Jonila Godole. Prezantime me shum\u00eb interes u zhvilluan edhe n\u00eb fushat historike, gjoegrafike, gjuh\u00ebsore etj;, duke i dh\u00ebn\u00eb k\u00ebsaj dit\u00eb nj\u00eb dinamik\u00eb t\u00eb ve\u00e7ant\u00eb t\u00eb shk\u00ebmbimit t\u00eb dijes, k\u00ebrsh\u00ebris\u00eb dhe k\u00ebnaq\u00ebsis\u00eb s\u00eb leximit.<\/p>\n<hr \/>\n<p style=\"text-align: justify;\">","protected":false},"excerpt":{"rendered":"<p>P\u00ebrmbyllet me sukses edicioni i 18-t\u00eb i kremtimeve t\u00eb Dit\u00ebs Bot\u00ebrore t\u00eb Librit dhe t\u00eb Drejt\u00ebs s\u00eb Autorit n\u00eb Fakultetin e Historis\u00eb dhe t\u00eb Filologjis\u00eb, nj\u00eb tradit\u00eb e gjat\u00eb ku pedagog\u00eb, student\u00eb, autor\u00eb e aktor\u00eb t\u00eb librit b\u00ebhen bashk\u00eb p\u00ebr t\u00eb dialoguar mbi let\u00ebrsin\u00eb, librin, p\u00ebrkthimin, botimet eseistike, studimore e kulturore. Nga t\u00eb ftuarit e [&hellip;]<\/p>","protected":false},"author":1,"featured_media":0,"comment_status":"open","ping_status":"open","sticky":false,"template":"","format":"standard","meta":{"footnotes":""},"categories":[5],"tags":[],"class_list":["post-3346","post","type-post","status-publish","format-standard","hentry","category-aktivitete"],"acf":[],"_links":{"self":[{"href":"https:\/\/fhf.edu.al\/en\/wp-json\/wp\/v2\/posts\/3346","targetHints":{"allow":["GET"]}}],"collection":[{"href":"https:\/\/fhf.edu.al\/en\/wp-json\/wp\/v2\/posts"}],"about":[{"href":"https:\/\/fhf.edu.al\/en\/wp-json\/wp\/v2\/types\/post"}],"author":[{"embeddable":true,"href":"https:\/\/fhf.edu.al\/en\/wp-json\/wp\/v2\/users\/1"}],"replies":[{"embeddable":true,"href":"https:\/\/fhf.edu.al\/en\/wp-json\/wp\/v2\/comments?post=3346"}],"version-history":[{"count":7,"href":"https:\/\/fhf.edu.al\/en\/wp-json\/wp\/v2\/posts\/3346\/revisions"}],"predecessor-version":[{"id":3366,"href":"https:\/\/fhf.edu.al\/en\/wp-json\/wp\/v2\/posts\/3346\/revisions\/3366"}],"wp:attachment":[{"href":"https:\/\/fhf.edu.al\/en\/wp-json\/wp\/v2\/media?parent=3346"}],"wp:term":[{"taxonomy":"category","embeddable":true,"href":"https:\/\/fhf.edu.al\/en\/wp-json\/wp\/v2\/categories?post=3346"},{"taxonomy":"post_tag","embeddable":true,"href":"https:\/\/fhf.edu.al\/en\/wp-json\/wp\/v2\/tags?post=3346"}],"curies":[{"name":"wp","href":"https:\/\/api.w.org\/{rel}","templated":true}]}}